{"id":367,"date":"2026-08-31T15:33:44","date_gmt":"2026-08-31T18:33:44","guid":{"rendered":"https:\/\/www.minplast.com.br\/blog\/?p=367"},"modified":"2026-08-31T15:33:55","modified_gmt":"2026-08-31T18:33:55","slug":"fabricante-de-embalagens-plasticas-em-sp-escolha-a-minplast","status":"publish","type":"post","link":"https:\/\/www.minplast.com.br\/blog\/fabricante-de-embalagens-plasticas\/fabricante-de-embalagens-plasticas-em-sp-escolha-a-minplast\/","title":{"rendered":"Fabricante de embalagens pl\u00e1sticas em SP: escolha a Minplast"},"content":{"rendered":"<span class=\"rt-reading-time\" style=\"display: block;\"><span class=\"rt-label rt-prefix\">Tempo de leitura<\/span> <span class=\"rt-time\">5<\/span> <span class=\"rt-label rt-postfix\">minutos<\/span><\/span>\n<p class=\"has-medium-font-size wp-block-paragraph\"><strong><em>Procura fabricante de embalagens pl\u00e1sticas em SP? Conhe\u00e7a a Minplast, suas solu\u00e7\u00f5es personalizadas e experi\u00eancia no mercado pl\u00e1stico<\/em><\/strong><\/p>\n\n\n\n<p class=\"wp-block-paragraph\">Escolher um <strong><a href=\"https:\/\/www.minplast.com.br\/produtos\">fabricante de embalagens pl\u00e1sticas em SP<\/a><\/strong> exige uma an\u00e1lise que vai al\u00e9m do pre\u00e7o. Para empresas que <strong>dependem da embalagem no armazenamento, transporte ou aplica\u00e7\u00e3o de seus produtos,<\/strong> caracter\u00edsticas como <strong>material, formato, resist\u00eancia e fechamento<\/strong> podem interferir diretamente na opera\u00e7\u00e3o.<\/p>\n\n\n\n<p class=\"wp-block-paragraph\"><strong>Ter acesso a um fabricante especializado tamb\u00e9m facilita o desenvolvimento<\/strong> de solu\u00e7\u00f5es mais alinhadas \u00e0s caracter\u00edsticas de <strong>cada projeto.<\/strong> Esse ponto ganha relev\u00e2ncia em <strong>aplica\u00e7\u00f5es industriais<\/strong>, nas quais <strong>nem sempre uma embalagem padronizada atende completamente \u00e0 demanda.<\/strong><\/p>\n\n\n\n<p class=\"wp-block-paragraph\">Localizada em <strong>Guarulhos, S\u00e3o Paulo<\/strong>, a <strong>Minplast<\/strong> <strong>atua h\u00e1 mais de 20 anos<\/strong> no <strong>desenvolvimento, fabrica\u00e7\u00e3o e comercializa\u00e7\u00e3o de produtos pl\u00e1sticos.<\/strong> Trabalhando com <strong>diferentes materiais termopl\u00e1sticos e processos de fabrica\u00e7\u00e3o<\/strong> para atender demandas empresariais variadas.<\/p>\n\n\n\n<p class=\"wp-block-paragraph\"><strong>Para compradores, gestores e profissionais de suprimentos<\/strong> que procuram <strong>embalagens pl\u00e1sticas em SP<\/strong>, essa proximidade com uma <strong>ind\u00fastria especializada permite concentrar a negocia\u00e7\u00e3o em aspectos importantes do projeto,<\/strong> como <strong>aplica\u00e7\u00e3o, caracter\u00edsticas da pe\u00e7a, material e possibilidades de personaliza\u00e7\u00e3o.<\/strong><\/p>\n\n\n\n<p class=\"wp-block-paragraph\"><a href=\"https:\/\/www.minplast.com.br\/blog\/frascos-para-produtos-quimicos\/quais-os-fatores-essenciais-para-escolher-a-melhor-embalagem-para-produtos-quimicos\/\">Quais os fatores essenciais para escolher a melhor embalagem para produtos qu\u00edmicos?<\/a><\/p>\n\n\n\n<div id=\"ez-toc-container\" class=\"ez-toc-v2_0_69_1 counter-hierarchy ez-toc-counter ez-toc-grey ez-toc-container-direction\">\n<div class=\"ez-toc-title-container\">\n<p class=\"ez-toc-title\" style=\"cursor:inherit\">T\u00f3picos do artigo<\/p>\n<span class=\"ez-toc-title-toggle\"><a href=\"#\" class=\"ez-toc-pull-right ez-toc-btn ez-toc-btn-xs ez-toc-btn-default ez-toc-toggle\" aria-label=\"Toggle Table of Content\"><span class=\"ez-toc-js-icon-con\"><span class=\"\"><span class=\"eztoc-hide\" style=\"display:none;\">Toggle<\/span><span class=\"ez-toc-icon-toggle-span\"><svg style=\"fill: #999;color:#999\" xmlns=\"http:\/\/www.w3.org\/2000\/svg\" class=\"list-377408\" width=\"20px\" height=\"20px\" viewBox=\"0 0 24 24\" fill=\"none\"><path d=\"M6 6H4v2h2V6zm14 0H8v2h12V6zM4 11h2v2H4v-2zm16 0H8v2h12v-2zM4 16h2v2H4v-2zm16 0H8v2h12v-2z\" fill=\"currentColor\"><\/path><\/svg><svg style=\"fill: #999;color:#999\" class=\"arrow-unsorted-368013\" xmlns=\"http:\/\/www.w3.org\/2000\/svg\" width=\"10px\" height=\"10px\" viewBox=\"0 0 24 24\" version=\"1.2\" baseProfile=\"tiny\"><path d=\"M18.2 9.3l-6.2-6.3-6.2 6.3c-.2.2-.3.4-.3.7s.1.5.3.7c.2.2.4.3.7.3h11c.3 0 .5-.1.7-.3.2-.2.3-.5.3-.7s-.1-.5-.3-.7zM5.8 14.7l6.2 6.3 6.2-6.3c.2-.2.3-.5.3-.7s-.1-.5-.3-.7c-.2-.2-.4-.3-.7-.3h-11c-.3 0-.5.1-.7.3-.2.2-.3.5-.3.7s.1.5.3.7z\"\/><\/svg><\/span><\/span><\/span><\/a><\/span><\/div>\n<nav><ul class='ez-toc-list ez-toc-list-level-1 ' ><li class='ez-toc-page-1 ez-toc-heading-level-2'><a class=\"ez-toc-link ez-toc-heading-1\" href=\"https:\/\/www.minplast.com.br\/blog\/fabricante-de-embalagens-plasticas\/fabricante-de-embalagens-plasticas-em-sp-escolha-a-minplast\/#Por_que_escolher_um_fabricante_de_embalagens_plasticas_em_Sao_Paulo\" title=\"Por que escolher um fabricante de embalagens pl\u00e1sticas em S\u00e3o Paulo?\">Por que escolher um fabricante de embalagens pl\u00e1sticas em S\u00e3o Paulo?<\/a><\/li><li class='ez-toc-page-1 ez-toc-heading-level-2'><a class=\"ez-toc-link ez-toc-heading-2\" href=\"https:\/\/www.minplast.com.br\/blog\/fabricante-de-embalagens-plasticas\/fabricante-de-embalagens-plasticas-em-sp-escolha-a-minplast\/#Quais_embalagens_e_produtos_plasticos_a_Minplast_desenvolve\" title=\"Quais embalagens e produtos pl\u00e1sticos a Minplast desenvolve?\">Quais embalagens e produtos pl\u00e1sticos a Minplast desenvolve?<\/a><\/li><li class='ez-toc-page-1 ez-toc-heading-level-2'><a class=\"ez-toc-link ez-toc-heading-3\" href=\"https:\/\/www.minplast.com.br\/blog\/fabricante-de-embalagens-plasticas\/fabricante-de-embalagens-plasticas-em-sp-escolha-a-minplast\/#Injecao_e_sopro_na_fabricacao_de_produtos_plasticos\" title=\"Inje\u00e7\u00e3o e sopro na fabrica\u00e7\u00e3o de produtos pl\u00e1sticos\">Inje\u00e7\u00e3o e sopro na fabrica\u00e7\u00e3o de produtos pl\u00e1sticos<\/a><\/li><li class='ez-toc-page-1 ez-toc-heading-level-2'><a class=\"ez-toc-link ez-toc-heading-4\" href=\"https:\/\/www.minplast.com.br\/blog\/fabricante-de-embalagens-plasticas\/fabricante-de-embalagens-plasticas-em-sp-escolha-a-minplast\/#Embalagens_plasticas_personalizadas_para_diferentes_aplicacoes\" title=\"Embalagens pl\u00e1sticas personalizadas para diferentes aplica\u00e7\u00f5es\">Embalagens pl\u00e1sticas personalizadas para diferentes aplica\u00e7\u00f5es<\/a><\/li><li class='ez-toc-page-1 ez-toc-heading-level-2'><a class=\"ez-toc-link ez-toc-heading-5\" href=\"https:\/\/www.minplast.com.br\/blog\/fabricante-de-embalagens-plasticas\/fabricante-de-embalagens-plasticas-em-sp-escolha-a-minplast\/#Quais_setores_podem_procurar_a_Minplast\" title=\"Quais setores podem procurar a Minplast?\">Quais setores podem procurar a Minplast?<\/a><\/li><li class='ez-toc-page-1 ez-toc-heading-level-2'><a class=\"ez-toc-link ez-toc-heading-6\" href=\"https:\/\/www.minplast.com.br\/blog\/fabricante-de-embalagens-plasticas\/fabricante-de-embalagens-plasticas-em-sp-escolha-a-minplast\/#Escolha_a_Minplast_como_fabricante_de_embalagens_plasticas_em_SP\" title=\"Escolha a Minplast como fabricante de embalagens pl\u00e1sticas em SP\">Escolha a Minplast como fabricante de embalagens pl\u00e1sticas em SP<\/a><\/li><\/ul><\/nav><\/div>\n<h2 class=\"wp-block-heading\"><span class=\"ez-toc-section\" id=\"Por_que_escolher_um_fabricante_de_embalagens_plasticas_em_Sao_Paulo\"><\/span><strong>Por que escolher um fabricante de embalagens pl\u00e1sticas em S\u00e3o Paulo?<\/strong><span class=\"ez-toc-section-end\"><\/span><\/h2>\n\n\n\n<p class=\"wp-block-paragraph\">A localiza\u00e7\u00e3o do fornecedor pode ser <strong>um dos crit\u00e9rios considerados<\/strong> durante a sele\u00e7\u00e3o de <strong>parceiros industriais,<\/strong> principalmente quando a <strong>empresa compradora est\u00e1 em S\u00e3o Paulo ou atende opera\u00e7\u00f5es concentradas na regi\u00e3o Sudeste.<\/strong><\/p>\n\n\n\n<p class=\"wp-block-paragraph\">Nesse cen\u00e1rio, buscar uma <strong>f\u00e1brica de embalagens pl\u00e1sticas<\/strong> localizada no estado pode <strong>facilitar o relacionamento comercial e o alinhamento das especifica\u00e7\u00f5es do projeto.<\/strong><\/p>\n\n\n\n<p class=\"wp-block-paragraph\">A <strong>Minplast<\/strong> est\u00e1 instalada na <strong>Cidade Industrial Sat\u00e9lite de S\u00e3o Paulo, em Guarulhos.<\/strong> Al\u00e9m da localiza\u00e7\u00e3o <strong>estrat\u00e9gica para empresas paulistas,<\/strong> a companhia desenvolve e fabrica seus <strong>pr\u00f3prios produtos pl\u00e1sticos,<\/strong> em vez de atuar apenas como um <strong>canal de comercializa\u00e7\u00e3o.<\/strong><\/p>\n\n\n\n<p class=\"wp-block-paragraph\">Ao avaliar um fornecedor, alguns pontos merecem aten\u00e7\u00e3o:<\/p>\n\n\n\n<ul class=\"wp-block-list\">\n<li>capacidade de fabricar diferentes tipos de produtos pl\u00e1sticos;<\/li>\n\n\n\n<li>conhecimento dos materiais utilizados em cada aplica\u00e7\u00e3o;<\/li>\n\n\n\n<li>possibilidade de desenvolver solu\u00e7\u00f5es personalizadas;<\/li>\n\n\n\n<li>experi\u00eancia no segmento;<\/li>\n\n\n\n<li>variedade de processos produtivos;<\/li>\n\n\n\n<li>suporte durante a defini\u00e7\u00e3o da solu\u00e7\u00e3o.<\/li>\n<\/ul>\n\n\n\n<p class=\"wp-block-paragraph\"><strong>Esses crit\u00e9rios ajudam a comparar fornecedores de forma mais t\u00e9cnica e reduzem a decis\u00e3o baseada exclusivamente no valor unit\u00e1rio da embalagem.<\/strong><\/p>\n\n\n\n<p class=\"wp-block-paragraph\">Para neg\u00f3cios que possuem <strong>demandas espec\u00edficas,<\/strong> contratar uma <strong>empresa de embalagens pl\u00e1sticas<\/strong> com <strong>capacidade de fabrica\u00e7\u00e3o<\/strong> tamb\u00e9m cria oportunidades para adequar <strong>caracter\u00edsticas do produto \u00e0s necessidades reais da opera\u00e7\u00e3o.<\/strong><\/p>\n\n\n\n<h2 class=\"wp-block-heading\"><span class=\"ez-toc-section\" id=\"Quais_embalagens_e_produtos_plasticos_a_Minplast_desenvolve\"><\/span><strong>Quais embalagens e produtos pl\u00e1sticos a Minplast desenvolve?<\/strong><span class=\"ez-toc-section-end\"><\/span><\/h2>\n\n\n\n<p class=\"wp-block-paragraph\"><strong>A atua\u00e7\u00e3o da Minplast n\u00e3o est\u00e1 restrita a um \u00fanico modelo de embalagem<\/strong>, trabalhamos no <strong>desenvolvimento e fabrica\u00e7\u00e3o de diferentes produtos termopl\u00e1sticos,<\/strong> permitindo atender segmentos com necessidades distintas.<\/p>\n\n\n\n<p class=\"wp-block-paragraph\">Nosso portf\u00f3lio contempla <strong>embalagens destinadas \u00e0 ind\u00fastria qu\u00edmica<\/strong>, al\u00e9m de <strong>tampas<\/strong> utilizadas em <strong>produtos de limpeza, produtos qu\u00edmicos e colas industriais.<\/strong> Tamb\u00e9m fabricamos <strong>itens pl\u00e1sticos direcionados ao mercado automotivo de reposi\u00e7\u00e3o.<\/strong><\/p>\n\n\n\n<p class=\"wp-block-paragraph\">Entre as possibilidades relacionadas ao <strong>segmento de embalagens<\/strong> est\u00e3o solu\u00e7\u00f5es voltadas ao <strong>armazenamento e aplica\u00e7\u00e3o de produtos industriais.<\/strong> A <strong>escolha do modelo adequado depende da finalidade da embalagem<\/strong>, um produto qu\u00edmico, por exemplo, pode exigir aten\u00e7\u00e3o especial \u00e0 <strong>compatibilidade do material utilizado, formato, sistema de fechamento e condi\u00e7\u00f5es de manuseio.<\/strong><\/p>\n\n\n\n<p class=\"wp-block-paragraph\">Por isso, a contrata\u00e7\u00e3o de um <strong>fabricante de embalagens pl\u00e1sticas em SP<\/strong> pode ser particularmente interessante quando a empresa <strong>precisa discutir a aplica\u00e7\u00e3o antes de definir qual solu\u00e7\u00e3o dever\u00e1 utilizar.<\/strong><\/p>\n\n\n\n<p class=\"wp-block-paragraph\"><strong>A Minplast tamb\u00e9m mant\u00e9m uma linha espec\u00edfica de frascos para produtos qu\u00edmicos.<\/strong> Existem op\u00e7\u00f5es que podem ser <strong>customizadas em caracter\u00edsticas como forma, tamanho e cor, conforme as necessidades da aplica\u00e7\u00e3o.<\/strong><\/p>\n\n\n\n<p class=\"wp-block-paragraph\"><a href=\"https:\/\/www.minplast.com.br\/blog\/frascos\/fabrica-de-frasco-para-cosmetico-o-que-avaliar-ao-escolher-uma\/\">F\u00e1brica de frasco para cosm\u00e9tico: o que avaliar ao escolher uma?<\/a><\/p>\n\n\n\n<h2 class=\"wp-block-heading\"><span class=\"ez-toc-section\" id=\"Injecao_e_sopro_na_fabricacao_de_produtos_plasticos\"><\/span><strong>Inje\u00e7\u00e3o e sopro na fabrica\u00e7\u00e3o de produtos pl\u00e1sticos<\/strong><span class=\"ez-toc-section-end\"><\/span><\/h2>\n\n\n\n<p class=\"wp-block-paragraph\">A <strong>Minplast<\/strong> utiliza os processos de <strong>inje\u00e7\u00e3o e sopro<\/strong> <strong>na produ\u00e7\u00e3o de materiais termopl\u00e1sticos.<\/strong> Cada processo possui <strong>caracter\u00edsticas pr\u00f3prias<\/strong> e pode ser utilizado de acordo com o <strong>formato e a finalidade do produto desenvolvido.<\/strong><\/p>\n\n\n\n<p class=\"wp-block-paragraph\"><strong>Na fabrica\u00e7\u00e3o por sopro,<\/strong> o processo \u00e9 amplamente associado \u00e0 <strong>produ\u00e7\u00e3o de pe\u00e7as ocas,<\/strong> caracter\u00edstica comum em diferentes <strong>tipos de frascos e recipientes.<\/strong> J\u00e1 a <strong>inje\u00e7\u00e3o<\/strong> permite <strong>produzir pe\u00e7as pl\u00e1sticas com diferentes geometrias e aplica\u00e7\u00f5es,<\/strong> sendo empregada em <strong>componentes, tampas e diversos produtos t\u00e9cnicos.<\/strong><\/p>\n\n\n\n<p class=\"wp-block-paragraph\">A capacidade de trabalhar com mais de um processo amplia as alternativas dispon\u00edveis em uma <strong>ind\u00fastria de embalagens pl\u00e1sticas<\/strong>, principalmente quando <strong>existe demanda por diferentes componentes dentro de um mesmo projeto.<\/strong><\/p>\n\n\n\n<p class=\"wp-block-paragraph\">Outro aspecto relevante est\u00e1 nos materiais utilizados, a <strong>Minplast<\/strong> trabalha com termopl\u00e1sticos como:<\/p>\n\n\n\n<ul class=\"wp-block-list\">\n<li>Polietileno;<\/li>\n\n\n\n<li>Poliuretano;<\/li>\n\n\n\n<li>Poliacetal (POM);<\/li>\n\n\n\n<li>Nylon.<\/li>\n<\/ul>\n\n\n\n<p class=\"wp-block-paragraph\"><strong>Cada mat\u00e9ria prima apresenta propriedades espec\u00edficas.<\/strong> Por isso, a defini\u00e7\u00e3o deve considerar o <strong>uso pretendido, as caracter\u00edsticas exigidas pela pe\u00e7a e as condi\u00e7\u00f5es<\/strong> \u00e0s quais o produto ser\u00e1 submetido.<\/p>\n\n\n\n<h2 class=\"wp-block-heading\"><span class=\"ez-toc-section\" id=\"Embalagens_plasticas_personalizadas_para_diferentes_aplicacoes\"><\/span><strong>Embalagens pl\u00e1sticas personalizadas para diferentes aplica\u00e7\u00f5es<\/strong><span class=\"ez-toc-section-end\"><\/span><\/h2>\n\n\n\n<p class=\"wp-block-paragraph\">Empresas que pesquisam um <strong>fabricante de embalagens pl\u00e1sticas<\/strong> nem sempre procuram um <strong>item pronto dispon\u00edvel em cat\u00e1logo.<\/strong> Em v\u00e1rios projetos, existe a <strong>necessidade de adaptar a solu\u00e7\u00e3o \u00e0 aplica\u00e7\u00e3o ou \u00e0s caracter\u00edsticas do produto que ser\u00e1 acondicionado.<\/strong><\/p>\n\n\n\n<p class=\"wp-block-paragraph\">Nesse contexto, as <strong>embalagens pl\u00e1sticas personalizadas<\/strong> ganham import\u00e2ncia, a <strong>Minplast<\/strong> oferece <strong>solu\u00e7\u00f5es personalizadas para diferentes necessidades empresariais.<\/strong> Essa possibilidade permite avaliar <strong>caracter\u00edsticas do produto desejado e desenvolver alternativas adequadas ao projeto.<\/strong><\/p>\n\n\n\n<p class=\"wp-block-paragraph\">Dependendo da <strong>aplica\u00e7\u00e3o e da viabilidade t\u00e9cnica,<\/strong> pontos como <strong>dimens\u00f5es, formato, caracter\u00edsticas do recipiente e componentes associados<\/strong> podem fazer parte da an\u00e1lise. A personaliza\u00e7\u00e3o \u00e9 especialmente relevante quando a <strong>embalagem participa diretamente da experi\u00eancia de utiliza\u00e7\u00e3o.<\/strong><\/p>\n\n\n\n<p class=\"wp-block-paragraph\">Em <strong>colas industriais,<\/strong> <strong>produtos qu\u00edmicos e itens de limpeza,<\/strong> por exemplo, <strong>recipiente, tampa e aplicador<\/strong> podem exercer fun\u00e7\u00f5es importantes durante <strong>armazenamento, dosagem e aplica\u00e7\u00e3o.<\/strong><\/p>\n\n\n\n<p class=\"wp-block-paragraph\"><strong>A Minplast desenvolve solu\u00e7\u00f5es para colas industriais e trabalha com op\u00e7\u00f5es de tampas e aplicadores em seu portf\u00f3lio de embalagens.<\/strong><\/p>\n\n\n\n<h2 class=\"wp-block-heading\"><span class=\"ez-toc-section\" id=\"Quais_setores_podem_procurar_a_Minplast\"><\/span><strong>Quais setores podem procurar a Minplast?<\/strong><span class=\"ez-toc-section-end\"><\/span><\/h2>\n\n\n\n<p class=\"wp-block-paragraph\">A busca por um <strong>fornecedor de embalagens pl\u00e1sticas<\/strong> envolve <strong>diferentes mercados<\/strong>. <strong>Produtos pl\u00e1sticos<\/strong> fazem parte da <strong>rotina de ind\u00fastrias<\/strong> que precisam <strong>armazenar, fechar, transportar, aplicar ou disponibilizar seus produtos ao mercado.<\/strong><\/p>\n\n\n\n<p class=\"wp-block-paragraph\">A experi\u00eancia da <strong>Minplast<\/strong> est\u00e1 relacionada principalmente a segmentos industriais e aplica\u00e7\u00f5es t\u00e9cnicas. <strong>Entre os mercados atendidos ou relacionados ao portf\u00f3lio da empresa est\u00e3o:<\/strong><\/p>\n\n\n\n<ul class=\"wp-block-list\">\n<li>ind\u00fastria qu\u00edmica;<\/li>\n\n\n\n<li>produtos de limpeza;<\/li>\n\n\n\n<li>colas industriais;<\/li>\n\n\n\n<li>mercado automotivo de reposi\u00e7\u00e3o;<\/li>\n\n\n\n<li>empresas que precisam de produtos pl\u00e1sticos desenvolvidos conforme sua aplica\u00e7\u00e3o.<\/li>\n<\/ul>\n\n\n\n<p class=\"wp-block-paragraph\">A atua\u00e7\u00e3o em diferentes segmentos tamb\u00e9m evidencia um ponto importante para compradores B2B: <strong>uma f\u00e1brica de embalagens pl\u00e1sticas precisa compreender que diferentes produtos geram diferentes exig\u00eancias<\/strong>.<\/p>\n\n\n\n<p class=\"wp-block-paragraph\"><strong>Uma embalagem destinada a um produto qu\u00edmico n\u00e3o deve ser escolhida pelos mesmos crit\u00e9rios de uma pe\u00e7a automotiva ou de um componente pl\u00e1stico utilizado em outra finalidade.<\/strong> \u00c9 justamente nesse contexto que a experi\u00eancia acumulada pelo fabricante se torna relevante.<\/p>\n\n\n\n<p class=\"wp-block-paragraph\">A <strong>Minplast<\/strong> informa possuir <strong>mais de duas d\u00e9cadas de atua\u00e7\u00e3o no mercado<\/strong>, trabalhando no <strong>desenvolvimento, fabrica\u00e7\u00e3o e comercializa\u00e7\u00e3o de produtos pl\u00e1sticos.<\/strong> A empresa tamb\u00e9m informa possuir <strong>pol\u00edtica de qualidade e certifica\u00e7\u00e3o ISO 9001<\/strong> em sua apresenta\u00e7\u00e3o institucional.<\/p>\n\n\n\n<p class=\"wp-block-paragraph\"><a href=\"https:\/\/www.minplast.com.br\/blog\/bico-aplicador\/como-escolher-o-bico-aplicador-certo-evite-os-erros-mais-comuns\/\">Como escolher o bico aplicador certo? Evite os erros mais comuns<\/a><\/p>\n\n\n\n<h2 class=\"wp-block-heading\"><span class=\"ez-toc-section\" id=\"Escolha_a_Minplast_como_fabricante_de_embalagens_plasticas_em_SP\"><\/span><strong>Escolha a Minplast como fabricante de embalagens pl\u00e1sticas em SP<\/strong><span class=\"ez-toc-section-end\"><\/span><\/h2>\n\n\n\n<p class=\"wp-block-paragraph\">Encontrar um fornecedor adequado envolve <strong>cruzar capacidade produtiva, experi\u00eancia, materiais dispon\u00edveis, conhecimento t\u00e9cnico e ader\u00eancia ao projeto.<\/strong> Com <strong>mais de 20 anos de mercado<\/strong>, a <strong>Minplast<\/strong> re\u00fane experi\u00eancia no <strong>desenvolvimento, fabrica\u00e7\u00e3o e comercializa\u00e7\u00e3o de produtos pl\u00e1sticos<\/strong> e trabalha com <strong>tecnologias de inje\u00e7\u00e3o e sopro.<\/strong><\/p>\n\n\n\n<p class=\"wp-block-paragraph\">A empresa produz materiais em <strong>Polietileno, Poliuretano, Poliacetal (POM) e Nylon<\/strong> e possui solu\u00e7\u00f5es destinadas \u00e0 <strong>ind\u00fastria qu\u00edmica, produtos de limpeza, colas industriais e ao setor automotivo de reposi\u00e7\u00e3o.<\/strong><\/p>\n\n\n\n<p class=\"wp-block-paragraph\">Para empresas que buscam um <strong>fabricante de embalagens pl\u00e1sticas em SP<\/strong>, a possibilidade de <strong>contar com solu\u00e7\u00f5es personaliz\u00e1veis permite avaliar cada projeto conforme sua finalidade,<\/strong> em vez de limitar a escolha somente aos modelos convencionais dispon\u00edveis no mercado.<\/p>\n\n\n\n<p class=\"wp-block-paragraph\"><strong>A localiza\u00e7\u00e3o da Minplast em Guarulhos<\/strong> tamb\u00e9m refor\u00e7a sua presen\u00e7a como <strong>empresa de embalagens pl\u00e1sticas em S\u00e3o Paulo<\/strong>, atendendo <strong>compradores e empresas<\/strong> que procuram um parceiro especializado no desenvolvimento de produtos pl\u00e1sticos.<\/p>\n\n\n\n<p class=\"wp-block-paragraph\"><strong>Sua empresa precisa de embalagens ou componentes pl\u00e1sticos para uma aplica\u00e7\u00e3o espec\u00edfica? Entre em contato com a Minplast<\/strong>, apresente as caracter\u00edsticas do projeto e solicite um or\u00e7amento para avaliar a solu\u00e7\u00e3o mais adequada \u00e0 sua necessidade.<\/p>\n","protected":false},"excerpt":{"rendered":"<p><span class=\"rt-reading-time\" style=\"display: block;\"><span class=\"rt-label rt-prefix\">Tempo de leitura<\/span> <span class=\"rt-time\">5<\/span> <span class=\"rt-label rt-postfix\">minutos<\/span><\/span> Procura fabricante de embalagens pl\u00e1sticas em SP? Conhe\u00e7a a Minplast, suas solu\u00e7\u00f5es personalizadas e experi\u00eancia no mercado pl\u00e1stico Escolher um fabricante de embalagens pl\u00e1sticas em SP exige uma an\u00e1lise que vai al\u00e9m do pre\u00e7o. Para empresas que dependem da embalagem no armazenamento, transporte ou aplica\u00e7\u00e3o de seus produtos, caracter\u00edsticas como material, formato, resist\u00eancia e fechamento &hellip; <\/p>\n","protected":false},"author":1,"featured_media":368,"comment_status":"open","ping_status":"open","sticky":false,"template":"","format":"standard","meta":{"footnotes":""},"categories":[2662],"tags":[2681,2690,2686,2678,2683,154,156,2672,2664,2671,2667,2665,2669,2674,2670,2569,2663,2668,2463,2666,2673,1837,153,2687,2680,2677,2691,2676,2682,2684,2689,2685,2679,2688,2675],"class_list":["post-367","post","type-post","status-publish","format-standard","has-post-thumbnail","hentry","category-fabricante-de-embalagens-plasticas","tag-a-minplast-fabrica-embalagens-plasticas-personalizadas","tag-como-encontrar-fornecedor-de-embalagens-plasticas-para-empresas","tag-como-escolher-embalagens-plasticas-para-produtos-quimicos","tag-como-escolher-um-fabricante-de-embalagens-plasticas","tag-como-funciona-a-fabricacao-de-embalagens-plasticas","tag-embalagens-industriais","tag-embalagens-para-produtos-quimicos","tag-embalagens-plasticas-em-guarulhos","tag-embalagens-plasticas-em-sp","tag-embalagens-plasticas-para-empresas","tag-embalagens-plasticas-personalizadas","tag-empresa-de-embalagens-plasticas","tag-fabrica-de-embalagens-plasticas","tag-fabricacao-de-embalagens-plasticas","tag-fabricante-de-embalagens-em-sao-paulo","tag-fabricante-de-embalagens-plasticas","tag-fabricante-de-embalagens-plasticas-em-sp","tag-fornecedor-de-embalagens-plasticas","tag-frascos-plasticos-industriais","tag-industria-de-embalagens-plasticas","tag-industria-plastica-em-sp","tag-injecao-de-plastico","tag-minplast","tag-onde-comprar-embalagens-para-produtos-quimicos-em-sao-paulo","tag-onde-comprar-embalagens-plasticas-personalizadas-em-sp","tag-onde-encontrar-fabricante-de-embalagens-plasticas-em-sp","tag-onde-solicitar-orcamento-de-embalagens-plasticas-em-sp","tag-produtos-plasticos-personalizados","tag-quais-empresas-fabricam-embalagens-plasticas-em-guarulhos","tag-quais-materiais-sao-usados-em-embalagens-plasticas-industriais","tag-quais-setores-utilizam-embalagens-plasticas-industriais","tag-qual-a-diferenca-entre-injecao-e-sopro-de-plastico","tag-qual-empresa-fabrica-embalagens-plasticas-em-sao-paulo","tag-quando-solicitar-embalagens-plasticas-personalizadas","tag-sopro-de-plastico","latest_post"],"yoast_head":"<!-- This site is optimized with the Yoast SEO plugin v23.7 - https:\/\/yoast.com\/wordpress\/plugins\/seo\/ -->\n<title>Fabricante de embalagens pl\u00e1sticas em SP: escolha a Minplast - Blog Minplast<\/title>\n<meta name=\"description\" content=\"Procura fabricante de embalagens pl\u00e1sticas em SP? Conhe\u00e7a a Minplast, suas solu\u00e7\u00f5es personalizadas e experi\u00eancia no mercado pl\u00e1stico\" \/>\n<meta name=\"robots\" content=\"index, follow, max-snippet:-1, max-image-preview:large, max-video-preview:-1\" \/>\n<link rel=\"canonical\" href=\"https:\/\/www.minplast.com.br\/blog\/fabricante-de-embalagens-plasticas\/fabricante-de-embalagens-plasticas-em-sp-escolha-a-minplast\/\" \/>\n<meta property=\"og:locale\" content=\"pt_BR\" \/>\n<meta property=\"og:type\" content=\"article\" \/>\n<meta property=\"og:title\" content=\"Fabricante de embalagens pl\u00e1sticas em SP: escolha a Minplast - Blog Minplast\" \/>\n<meta property=\"og:description\" content=\"Procura fabricante de embalagens pl\u00e1sticas em SP? Conhe\u00e7a a Minplast, suas solu\u00e7\u00f5es personalizadas e experi\u00eancia no mercado pl\u00e1stico\" \/>\n<meta property=\"og:url\" content=\"https:\/\/www.minplast.com.br\/blog\/fabricante-de-embalagens-plasticas\/fabricante-de-embalagens-plasticas-em-sp-escolha-a-minplast\/\" \/>\n<meta property=\"og:site_name\" content=\"Blog Minplast\" \/>\n<meta property=\"article:published_time\" content=\"2026-08-31T18:33:44+00:00\" \/>\n<meta property=\"article:modified_time\" content=\"2026-08-31T18:33:55+00:00\" \/>\n<meta property=\"og:image\" content=\"https:\/\/www.minplast.com.br\/blog\/wp-content\/uploads\/2026\/08\/ChatGPT-Image-31-de-ago.-de-2026-15_24_14.png\" \/>\n\t<meta property=\"og:image:width\" content=\"1536\" \/>\n\t<meta property=\"og:image:height\" content=\"1024\" \/>\n\t<meta property=\"og:image:type\" content=\"image\/png\" \/>\n<meta name=\"author\" content=\"admin\" \/>\n<meta name=\"twitter:card\" content=\"summary_large_image\" \/>\n<meta name=\"twitter:label1\" content=\"Escrito por\" \/>\n\t<meta name=\"twitter:data1\" content=\"admin\" \/>\n\t<meta name=\"twitter:label2\" content=\"Est. tempo de leitura\" \/>\n\t<meta name=\"twitter:data2\" content=\"8 minutos\" \/>\n<script type=\"application\/ld+json\" class=\"yoast-schema-graph\">{\"@context\":\"https:\/\/schema.org\",\"@graph\":[{\"@type\":\"Article\",\"@id\":\"https:\/\/www.minplast.com.br\/blog\/fabricante-de-embalagens-plasticas\/fabricante-de-embalagens-plasticas-em-sp-escolha-a-minplast\/#article\",\"isPartOf\":{\"@id\":\"https:\/\/www.minplast.com.br\/blog\/fabricante-de-embalagens-plasticas\/fabricante-de-embalagens-plasticas-em-sp-escolha-a-minplast\/\"},\"author\":{\"name\":\"admin\",\"@id\":\"https:\/\/www.minplast.com.br\/blog\/#\/schema\/person\/0230c435985bf5fdbc27c28a9269a75d\"},\"headline\":\"Fabricante de embalagens pl\u00e1sticas em SP: escolha a Minplast\",\"datePublished\":\"2026-08-31T18:33:44+00:00\",\"dateModified\":\"2026-08-31T18:33:55+00:00\",\"mainEntityOfPage\":{\"@id\":\"https:\/\/www.minplast.com.br\/blog\/fabricante-de-embalagens-plasticas\/fabricante-de-embalagens-plasticas-em-sp-escolha-a-minplast\/\"},\"wordCount\":1488,\"commentCount\":0,\"publisher\":{\"@id\":\"https:\/\/www.minplast.com.br\/blog\/#organization\"},\"image\":{\"@id\":\"https:\/\/www.minplast.com.br\/blog\/fabricante-de-embalagens-plasticas\/fabricante-de-embalagens-plasticas-em-sp-escolha-a-minplast\/#primaryimage\"},\"thumbnailUrl\":\"https:\/\/www.minplast.com.br\/blog\/wp-content\/uploads\/2026\/08\/ChatGPT-Image-31-de-ago.-de-2026-15_24_14.png\",\"keywords\":[\"A Minplast fabrica embalagens pl\u00e1sticas personalizadas?\",\"Como encontrar fornecedor de embalagens pl\u00e1sticas para empresas?\",\"Como escolher embalagens pl\u00e1sticas para produtos qu\u00edmicos?\",\"Como escolher um fabricante de embalagens pl\u00e1sticas?\",\"Como funciona a fabrica\u00e7\u00e3o de embalagens pl\u00e1sticas?\",\"Embalagens industriais\",\"Embalagens para produtos qu\u00edmicos\",\"embalagens pl\u00e1sticas em Guarulhos\",\"embalagens pl\u00e1sticas em SP\",\"embalagens pl\u00e1sticas para empresas\",\"embalagens pl\u00e1sticas personalizadas\",\"empresa de embalagens pl\u00e1sticas\",\"f\u00e1brica de embalagens pl\u00e1sticas\",\"fabrica\u00e7\u00e3o de embalagens pl\u00e1sticas\",\"fabricante de embalagens em S\u00e3o Paulo\",\"fabricante de embalagens pl\u00e1sticas\",\"fabricante de embalagens pl\u00e1sticas em SP\",\"fornecedor de embalagens pl\u00e1sticas\",\"frascos pl\u00e1sticos industriais\",\"ind\u00fastria de embalagens pl\u00e1sticas\",\"ind\u00fastria pl\u00e1stica em SP\",\"inje\u00e7\u00e3o de pl\u00e1stico\",\"Minplast\",\"Onde comprar embalagens para produtos qu\u00edmicos em S\u00e3o Paulo?\",\"Onde comprar embalagens pl\u00e1sticas personalizadas em SP?\",\"Onde encontrar fabricante de embalagens pl\u00e1sticas em SP?\",\"Onde solicitar or\u00e7amento de embalagens pl\u00e1sticas em SP?\",\"produtos pl\u00e1sticos personalizados\",\"Quais empresas fabricam embalagens pl\u00e1sticas em Guarulhos?\",\"Quais materiais s\u00e3o usados em embalagens pl\u00e1sticas industriais?\",\"Quais setores utilizam embalagens pl\u00e1sticas industriais?\",\"Qual a diferen\u00e7a entre inje\u00e7\u00e3o e sopro de pl\u00e1stico?\",\"Qual empresa fabrica embalagens pl\u00e1sticas em S\u00e3o Paulo?\",\"Quando solicitar embalagens pl\u00e1sticas personalizadas?\",\"sopro de pl\u00e1stico\"],\"articleSection\":[\"Fabricante de embalagens pl\u00e1sticas\"],\"inLanguage\":\"pt-BR\",\"potentialAction\":[{\"@type\":\"CommentAction\",\"name\":\"Comment\",\"target\":[\"https:\/\/www.minplast.com.br\/blog\/fabricante-de-embalagens-plasticas\/fabricante-de-embalagens-plasticas-em-sp-escolha-a-minplast\/#respond\"]}]},{\"@type\":\"WebPage\",\"@id\":\"https:\/\/www.minplast.com.br\/blog\/fabricante-de-embalagens-plasticas\/fabricante-de-embalagens-plasticas-em-sp-escolha-a-minplast\/\",\"url\":\"https:\/\/www.minplast.com.br\/blog\/fabricante-de-embalagens-plasticas\/fabricante-de-embalagens-plasticas-em-sp-escolha-a-minplast\/\",\"name\":\"Fabricante de embalagens pl\u00e1sticas em SP: escolha a Minplast - Blog Minplast\",\"isPartOf\":{\"@id\":\"https:\/\/www.minplast.com.br\/blog\/#website\"},\"primaryImageOfPage\":{\"@id\":\"https:\/\/www.minplast.com.br\/blog\/fabricante-de-embalagens-plasticas\/fabricante-de-embalagens-plasticas-em-sp-escolha-a-minplast\/#primaryimage\"},\"image\":{\"@id\":\"https:\/\/www.minplast.com.br\/blog\/fabricante-de-embalagens-plasticas\/fabricante-de-embalagens-plasticas-em-sp-escolha-a-minplast\/#primaryimage\"},\"thumbnailUrl\":\"https:\/\/www.minplast.com.br\/blog\/wp-content\/uploads\/2026\/08\/ChatGPT-Image-31-de-ago.-de-2026-15_24_14.png\",\"datePublished\":\"2026-08-31T18:33:44+00:00\",\"dateModified\":\"2026-08-31T18:33:55+00:00\",\"description\":\"Procura fabricante de embalagens pl\u00e1sticas em SP? Conhe\u00e7a a Minplast, suas solu\u00e7\u00f5es personalizadas e experi\u00eancia no mercado pl\u00e1stico\",\"breadcrumb\":{\"@id\":\"https:\/\/www.minplast.com.br\/blog\/fabricante-de-embalagens-plasticas\/fabricante-de-embalagens-plasticas-em-sp-escolha-a-minplast\/#breadcrumb\"},\"inLanguage\":\"pt-BR\",\"potentialAction\":[{\"@type\":\"ReadAction\",\"target\":[\"https:\/\/www.minplast.com.br\/blog\/fabricante-de-embalagens-plasticas\/fabricante-de-embalagens-plasticas-em-sp-escolha-a-minplast\/\"]}]},{\"@type\":\"ImageObject\",\"inLanguage\":\"pt-BR\",\"@id\":\"https:\/\/www.minplast.com.br\/blog\/fabricante-de-embalagens-plasticas\/fabricante-de-embalagens-plasticas-em-sp-escolha-a-minplast\/#primaryimage\",\"url\":\"https:\/\/www.minplast.com.br\/blog\/wp-content\/uploads\/2026\/08\/ChatGPT-Image-31-de-ago.-de-2026-15_24_14.png\",\"contentUrl\":\"https:\/\/www.minplast.com.br\/blog\/wp-content\/uploads\/2026\/08\/ChatGPT-Image-31-de-ago.-de-2026-15_24_14.png\",\"width\":1536,\"height\":1024,\"caption\":\"Procura fabricante de embalagens pl\u00e1sticas em SP? Conhe\u00e7a a Minplast, suas solu\u00e7\u00f5es personalizadas e experi\u00eancia no mercado pl\u00e1stico\"},{\"@type\":\"BreadcrumbList\",\"@id\":\"https:\/\/www.minplast.com.br\/blog\/fabricante-de-embalagens-plasticas\/fabricante-de-embalagens-plasticas-em-sp-escolha-a-minplast\/#breadcrumb\",\"itemListElement\":[{\"@type\":\"ListItem\",\"position\":1,\"name\":\"In\u00edcio\",\"item\":\"https:\/\/www.minplast.com.br\/blog\/\"},{\"@type\":\"ListItem\",\"position\":2,\"name\":\"Fabricante de embalagens pl\u00e1sticas em SP: escolha a Minplast\"}]},{\"@type\":\"WebSite\",\"@id\":\"https:\/\/www.minplast.com.br\/blog\/#website\",\"url\":\"https:\/\/www.minplast.com.br\/blog\/\",\"name\":\"Blog Minplast\",\"description\":\"Fabrica\u00e7\u00e3o e Comercializa\u00e7\u00e3o de Produtos Pl\u00e1sticos\",\"publisher\":{\"@id\":\"https:\/\/www.minplast.com.br\/blog\/#organization\"},\"potentialAction\":[{\"@type\":\"SearchAction\",\"target\":{\"@type\":\"EntryPoint\",\"urlTemplate\":\"https:\/\/www.minplast.com.br\/blog\/?s={search_term_string}\"},\"query-input\":{\"@type\":\"PropertyValueSpecification\",\"valueRequired\":true,\"valueName\":\"search_term_string\"}}],\"inLanguage\":\"pt-BR\"},{\"@type\":\"Organization\",\"@id\":\"https:\/\/www.minplast.com.br\/blog\/#organization\",\"name\":\"Blog Minplast\",\"url\":\"https:\/\/www.minplast.com.br\/blog\/\",\"logo\":{\"@type\":\"ImageObject\",\"inLanguage\":\"pt-BR\",\"@id\":\"https:\/\/www.minplast.com.br\/blog\/#\/schema\/logo\/image\/\",\"url\":\"https:\/\/www.minplast.com.br\/blog\/wp-content\/uploads\/2024\/07\/logo-9.png\",\"contentUrl\":\"https:\/\/www.minplast.com.br\/blog\/wp-content\/uploads\/2024\/07\/logo-9.png\",\"width\":280,\"height\":140,\"caption\":\"Blog Minplast\"},\"image\":{\"@id\":\"https:\/\/www.minplast.com.br\/blog\/#\/schema\/logo\/image\/\"}},{\"@type\":\"Person\",\"@id\":\"https:\/\/www.minplast.com.br\/blog\/#\/schema\/person\/0230c435985bf5fdbc27c28a9269a75d\",\"name\":\"admin\",\"image\":{\"@type\":\"ImageObject\",\"inLanguage\":\"pt-BR\",\"@id\":\"https:\/\/www.minplast.com.br\/blog\/#\/schema\/person\/image\/\",\"url\":\"https:\/\/secure.gravatar.com\/avatar\/ac9557ba9d4c9d6a13579e7d8e52971a8505c7a89c69d895adfa73374e3a77b3?s=96&d=mm&r=g\",\"contentUrl\":\"https:\/\/secure.gravatar.com\/avatar\/ac9557ba9d4c9d6a13579e7d8e52971a8505c7a89c69d895adfa73374e3a77b3?s=96&d=mm&r=g\",\"caption\":\"admin\"},\"sameAs\":[\"https:\/\/www.minplast.com.br\/blog\"],\"url\":\"https:\/\/www.minplast.com.br\/blog\/author\/admin\/\"}]}<\/script>\n<!-- \/ Yoast SEO plugin. -->","yoast_head_json":{"title":"Fabricante de embalagens pl\u00e1sticas em SP: escolha a Minplast - Blog Minplast","description":"Procura fabricante de embalagens pl\u00e1sticas em SP? Conhe\u00e7a a Minplast, suas solu\u00e7\u00f5es personalizadas e experi\u00eancia no mercado pl\u00e1stico","robots":{"index":"index","follow":"follow","max-snippet":"max-snippet:-1","max-image-preview":"max-image-preview:large","max-video-preview":"max-video-preview:-1"},"canonical":"https:\/\/www.minplast.com.br\/blog\/fabricante-de-embalagens-plasticas\/fabricante-de-embalagens-plasticas-em-sp-escolha-a-minplast\/","og_locale":"pt_BR","og_type":"article","og_title":"Fabricante de embalagens pl\u00e1sticas em SP: escolha a Minplast - Blog Minplast","og_description":"Procura fabricante de embalagens pl\u00e1sticas em SP? Conhe\u00e7a a Minplast, suas solu\u00e7\u00f5es personalizadas e experi\u00eancia no mercado pl\u00e1stico","og_url":"https:\/\/www.minplast.com.br\/blog\/fabricante-de-embalagens-plasticas\/fabricante-de-embalagens-plasticas-em-sp-escolha-a-minplast\/","og_site_name":"Blog Minplast","article_published_time":"2026-08-31T18:33:44+00:00","article_modified_time":"2026-08-31T18:33:55+00:00","og_image":[{"width":1536,"height":1024,"url":"https:\/\/www.minplast.com.br\/blog\/wp-content\/uploads\/2026\/08\/ChatGPT-Image-31-de-ago.-de-2026-15_24_14.png","type":"image\/png"}],"author":"admin","twitter_card":"summary_large_image","twitter_misc":{"Escrito por":"admin","Est. tempo de leitura":"8 minutos"},"schema":{"@context":"https:\/\/schema.org","@graph":[{"@type":"Article","@id":"https:\/\/www.minplast.com.br\/blog\/fabricante-de-embalagens-plasticas\/fabricante-de-embalagens-plasticas-em-sp-escolha-a-minplast\/#article","isPartOf":{"@id":"https:\/\/www.minplast.com.br\/blog\/fabricante-de-embalagens-plasticas\/fabricante-de-embalagens-plasticas-em-sp-escolha-a-minplast\/"},"author":{"name":"admin","@id":"https:\/\/www.minplast.com.br\/blog\/#\/schema\/person\/0230c435985bf5fdbc27c28a9269a75d"},"headline":"Fabricante de embalagens pl\u00e1sticas em SP: escolha a Minplast","datePublished":"2026-08-31T18:33:44+00:00","dateModified":"2026-08-31T18:33:55+00:00","mainEntityOfPage":{"@id":"https:\/\/www.minplast.com.br\/blog\/fabricante-de-embalagens-plasticas\/fabricante-de-embalagens-plasticas-em-sp-escolha-a-minplast\/"},"wordCount":1488,"commentCount":0,"publisher":{"@id":"https:\/\/www.minplast.com.br\/blog\/#organization"},"image":{"@id":"https:\/\/www.minplast.com.br\/blog\/fabricante-de-embalagens-plasticas\/fabricante-de-embalagens-plasticas-em-sp-escolha-a-minplast\/#primaryimage"},"thumbnailUrl":"https:\/\/www.minplast.com.br\/blog\/wp-content\/uploads\/2026\/08\/ChatGPT-Image-31-de-ago.-de-2026-15_24_14.png","keywords":["A Minplast fabrica embalagens pl\u00e1sticas personalizadas?","Como encontrar fornecedor de embalagens pl\u00e1sticas para empresas?","Como escolher embalagens pl\u00e1sticas para produtos qu\u00edmicos?","Como escolher um fabricante de embalagens pl\u00e1sticas?","Como funciona a fabrica\u00e7\u00e3o de embalagens pl\u00e1sticas?","Embalagens industriais","Embalagens para produtos qu\u00edmicos","embalagens pl\u00e1sticas em Guarulhos","embalagens pl\u00e1sticas em SP","embalagens pl\u00e1sticas para empresas","embalagens pl\u00e1sticas personalizadas","empresa de embalagens pl\u00e1sticas","f\u00e1brica de embalagens pl\u00e1sticas","fabrica\u00e7\u00e3o de embalagens pl\u00e1sticas","fabricante de embalagens em S\u00e3o Paulo","fabricante de embalagens pl\u00e1sticas","fabricante de embalagens pl\u00e1sticas em SP","fornecedor de embalagens pl\u00e1sticas","frascos pl\u00e1sticos industriais","ind\u00fastria de embalagens pl\u00e1sticas","ind\u00fastria pl\u00e1stica em SP","inje\u00e7\u00e3o de pl\u00e1stico","Minplast","Onde comprar embalagens para produtos qu\u00edmicos em S\u00e3o Paulo?","Onde comprar embalagens pl\u00e1sticas personalizadas em SP?","Onde encontrar fabricante de embalagens pl\u00e1sticas em SP?","Onde solicitar or\u00e7amento de embalagens pl\u00e1sticas em SP?","produtos pl\u00e1sticos personalizados","Quais empresas fabricam embalagens pl\u00e1sticas em Guarulhos?","Quais materiais s\u00e3o usados em embalagens pl\u00e1sticas industriais?","Quais setores utilizam embalagens pl\u00e1sticas industriais?","Qual a diferen\u00e7a entre inje\u00e7\u00e3o e sopro de pl\u00e1stico?","Qual empresa fabrica embalagens pl\u00e1sticas em S\u00e3o Paulo?","Quando solicitar embalagens pl\u00e1sticas personalizadas?","sopro de pl\u00e1stico"],"articleSection":["Fabricante de embalagens pl\u00e1sticas"],"inLanguage":"pt-BR","potentialAction":[{"@type":"CommentAction","name":"Comment","target":["https:\/\/www.minplast.com.br\/blog\/fabricante-de-embalagens-plasticas\/fabricante-de-embalagens-plasticas-em-sp-escolha-a-minplast\/#respond"]}]},{"@type":"WebPage","@id":"https:\/\/www.minplast.com.br\/blog\/fabricante-de-embalagens-plasticas\/fabricante-de-embalagens-plasticas-em-sp-escolha-a-minplast\/","url":"https:\/\/www.minplast.com.br\/blog\/fabricante-de-embalagens-plasticas\/fabricante-de-embalagens-plasticas-em-sp-escolha-a-minplast\/","name":"Fabricante de embalagens pl\u00e1sticas em SP: escolha a Minplast - Blog Minplast","isPartOf":{"@id":"https:\/\/www.minplast.com.br\/blog\/#website"},"primaryImageOfPage":{"@id":"https:\/\/www.minplast.com.br\/blog\/fabricante-de-embalagens-plasticas\/fabricante-de-embalagens-plasticas-em-sp-escolha-a-minplast\/#primaryimage"},"image":{"@id":"https:\/\/www.minplast.com.br\/blog\/fabricante-de-embalagens-plasticas\/fabricante-de-embalagens-plasticas-em-sp-escolha-a-minplast\/#primaryimage"},"thumbnailUrl":"https:\/\/www.minplast.com.br\/blog\/wp-content\/uploads\/2026\/08\/ChatGPT-Image-31-de-ago.-de-2026-15_24_14.png","datePublished":"2026-08-31T18:33:44+00:00","dateModified":"2026-08-31T18:33:55+00:00","description":"Procura fabricante de embalagens pl\u00e1sticas em SP? Conhe\u00e7a a Minplast, suas solu\u00e7\u00f5es personalizadas e experi\u00eancia no mercado pl\u00e1stico","breadcrumb":{"@id":"https:\/\/www.minplast.com.br\/blog\/fabricante-de-embalagens-plasticas\/fabricante-de-embalagens-plasticas-em-sp-escolha-a-minplast\/#breadcrumb"},"inLanguage":"pt-BR","potentialAction":[{"@type":"ReadAction","target":["https:\/\/www.minplast.com.br\/blog\/fabricante-de-embalagens-plasticas\/fabricante-de-embalagens-plasticas-em-sp-escolha-a-minplast\/"]}]},{"@type":"ImageObject","inLanguage":"pt-BR","@id":"https:\/\/www.minplast.com.br\/blog\/fabricante-de-embalagens-plasticas\/fabricante-de-embalagens-plasticas-em-sp-escolha-a-minplast\/#primaryimage","url":"https:\/\/www.minplast.com.br\/blog\/wp-content\/uploads\/2026\/08\/ChatGPT-Image-31-de-ago.-de-2026-15_24_14.png","contentUrl":"https:\/\/www.minplast.com.br\/blog\/wp-content\/uploads\/2026\/08\/ChatGPT-Image-31-de-ago.-de-2026-15_24_14.png","width":1536,"height":1024,"caption":"Procura fabricante de embalagens pl\u00e1sticas em SP? Conhe\u00e7a a Minplast, suas solu\u00e7\u00f5es personalizadas e experi\u00eancia no mercado pl\u00e1stico"},{"@type":"BreadcrumbList","@id":"https:\/\/www.minplast.com.br\/blog\/fabricante-de-embalagens-plasticas\/fabricante-de-embalagens-plasticas-em-sp-escolha-a-minplast\/#breadcrumb","itemListElement":[{"@type":"ListItem","position":1,"name":"In\u00edcio","item":"https:\/\/www.minplast.com.br\/blog\/"},{"@type":"ListItem","position":2,"name":"Fabricante de embalagens pl\u00e1sticas em SP: escolha a Minplast"}]},{"@type":"WebSite","@id":"https:\/\/www.minplast.com.br\/blog\/#website","url":"https:\/\/www.minplast.com.br\/blog\/","name":"Blog Minplast","description":"Fabrica\u00e7\u00e3o e Comercializa\u00e7\u00e3o de Produtos Pl\u00e1sticos","publisher":{"@id":"https:\/\/www.minplast.com.br\/blog\/#organization"},"potentialAction":[{"@type":"SearchAction","target":{"@type":"EntryPoint","urlTemplate":"https:\/\/www.minplast.com.br\/blog\/?s={search_term_string}"},"query-input":{"@type":"PropertyValueSpecification","valueRequired":true,"valueName":"search_term_string"}}],"inLanguage":"pt-BR"},{"@type":"Organization","@id":"https:\/\/www.minplast.com.br\/blog\/#organization","name":"Blog Minplast","url":"https:\/\/www.minplast.com.br\/blog\/","logo":{"@type":"ImageObject","inLanguage":"pt-BR","@id":"https:\/\/www.minplast.com.br\/blog\/#\/schema\/logo\/image\/","url":"https:\/\/www.minplast.com.br\/blog\/wp-content\/uploads\/2024\/07\/logo-9.png","contentUrl":"https:\/\/www.minplast.com.br\/blog\/wp-content\/uploads\/2024\/07\/logo-9.png","width":280,"height":140,"caption":"Blog Minplast"},"image":{"@id":"https:\/\/www.minplast.com.br\/blog\/#\/schema\/logo\/image\/"}},{"@type":"Person","@id":"https:\/\/www.minplast.com.br\/blog\/#\/schema\/person\/0230c435985bf5fdbc27c28a9269a75d","name":"admin","image":{"@type":"ImageObject","inLanguage":"pt-BR","@id":"https:\/\/www.minplast.com.br\/blog\/#\/schema\/person\/image\/","url":"https:\/\/secure.gravatar.com\/avatar\/ac9557ba9d4c9d6a13579e7d8e52971a8505c7a89c69d895adfa73374e3a77b3?s=96&d=mm&r=g","contentUrl":"https:\/\/secure.gravatar.com\/avatar\/ac9557ba9d4c9d6a13579e7d8e52971a8505c7a89c69d895adfa73374e3a77b3?s=96&d=mm&r=g","caption":"admin"},"sameAs":["https:\/\/www.minplast.com.br\/blog"],"url":"https:\/\/www.minplast.com.br\/blog\/author\/admin\/"}]}},"_links":{"self":[{"href":"https:\/\/www.minplast.com.br\/blog\/wp-json\/wp\/v2\/posts\/367","targetHints":{"allow":["GET"]}}],"collection":[{"href":"https:\/\/www.minplast.com.br\/blog\/wp-json\/wp\/v2\/posts"}],"about":[{"href":"https:\/\/www.minplast.com.br\/blog\/wp-json\/wp\/v2\/types\/post"}],"author":[{"embeddable":true,"href":"https:\/\/www.minplast.com.br\/blog\/wp-json\/wp\/v2\/users\/1"}],"replies":[{"embeddable":true,"href":"https:\/\/www.minplast.com.br\/blog\/wp-json\/wp\/v2\/comments?post=367"}],"version-history":[{"count":1,"href":"https:\/\/www.minplast.com.br\/blog\/wp-json\/wp\/v2\/posts\/367\/revisions"}],"predecessor-version":[{"id":369,"href":"https:\/\/www.minplast.com.br\/blog\/wp-json\/wp\/v2\/posts\/367\/revisions\/369"}],"wp:featuredmedia":[{"embeddable":true,"href":"https:\/\/www.minplast.com.br\/blog\/wp-json\/wp\/v2\/media\/368"}],"wp:attachment":[{"href":"https:\/\/www.minplast.com.br\/blog\/wp-json\/wp\/v2\/media?parent=367"}],"wp:term":[{"taxonomy":"category","embeddable":true,"href":"https:\/\/www.minplast.com.br\/blog\/wp-json\/wp\/v2\/categories?post=367"},{"taxonomy":"post_tag","embeddable":true,"href":"https:\/\/www.minplast.com.br\/blog\/wp-json\/wp\/v2\/tags?post=367"}],"curies":[{"name":"wp","href":"https:\/\/api.w.org\/{rel}","templated":true}]}}